{"id":1381,"date":"2024-06-21T14:38:32","date_gmt":"2024-06-21T12:38:32","guid":{"rendered":"https:\/\/medical-valley-forchheim.de\/?p=1381"},"modified":"2024-06-21T14:41:34","modified_gmt":"2024-06-21T12:41:34","slug":"on-the-occasion-of-ministers-visit-linathera-secures-land-for-production-site-in-hallerndorf-important-milestone-for-linathera-and-medical-valley-forchheim","status":"publish","type":"post","link":"https:\/\/medical-valley-forchheim.de\/en\/anlaesslich-ministerbesuch-linathera-sichert-grundstueck-fuer-produktionsstandort-in-hallerndorf-wichtiger-meilenstein-fuer-linathera-und-medical-valley-forchheim\/","title":{"rendered":"On the occasion of the minister's visit: LinaThera secures land for production site in Hallerndorf, important milestone for LinaThera and Medical Valley Forchheim"},"content":{"rendered":"<p>Forchheim, 20 June 2024<\/p>\n\n\n\n<p>On the occasion of the visit by Economics Minister Aiwanger and Environment Minister Glauber, Gerhard Bauer, Mayor of the municipality of Hallerndorf, and Christoph Thiel, Managing Director of LinaThera GmbH, announced good news: \"We have reached a major milestone and are delighted to have been welcomed to Hallerndorf and the Medical Valley in the district of Forchheim,\" emphasised Christoph Thiel.<br><br>During the visit by the two state ministers, Gerhard Bauer announced: \"LinaThera is setting up on 1.2 hectares in our new Regnitzwehr Schlammersdorf industrial estate and Hallerndorf will become part of Medical Valley!\". The municipality and the company quickly came to an agreement after Viktor Naumann, Managing Director of the Medical Valley Centre Forchheim, announced it at the end of 2023. \"In the district of Forchheim, companies and communities benefit from an active network,\" emphasises Viktor Naumann, adding, \"Medical Valley is home to global medical device manufacturers as well as local innovators.\"<br><br>With the site in Hallerndorf secured, planning for the LinaThera GmbH production facility is progressing. The facility will be used to produce medical radionuclides for cancer therapy. Targeted radionuclide therapy is an important new component in the treatment of a number of serious cancers and has the potential to offer a large number of patients better diagnosis and treatment.<br><br>In addition to Medical Valley Forchheim, LinaThera is cooperating with the radiopharmaceutical developer Nuclidium AG and the University Hospital Erlangen to expand radionuclide therapy in the region and make it accessible to patients on a large scale. The partners have jointly<br>Together with the Bayreuth Clinical Centre, we have received funding from the Upper Franconia Foundation to carry out a feasibility study to investigate the potential for patient care and subsequent settlements in Upper Franconia through the expansion of nuclear medicine.<\/p>\n\n\n\n<figure class=\"wp-block-image size-large\"><img fetchpriority=\"high\" decoding=\"async\" width=\"1024\" height=\"768\" src=\"https:\/\/medical-valley-forchheim.de\/wp-content\/uploads\/2024\/06\/Foto-1024x768.png\" alt=\"\" class=\"wp-image-1384\" srcset=\"https:\/\/medical-valley-forchheim.de\/wp-content\/uploads\/2024\/06\/Foto-1024x768.png 1024w, https:\/\/medical-valley-forchheim.de\/wp-content\/uploads\/2024\/06\/Foto-300x225.png 300w, https:\/\/medical-valley-forchheim.de\/wp-content\/uploads\/2024\/06\/Foto-768x576.png 768w, https:\/\/medical-valley-forchheim.de\/wp-content\/uploads\/2024\/06\/Foto-16x12.png 16w, https:\/\/medical-valley-forchheim.de\/wp-content\/uploads\/2024\/06\/Foto.png 1509w\" sizes=\"(max-width: 1024px) 100vw, 1024px\" \/><figcaption class=\"wp-element-caption\">From left: Dr Marcus Baier (Nuclidium), Gerhard Bauer (Mayor of Hallerndorf), Thorsten Glauber (Bavarian Minister of the Environment), Dr Christoph Thiel (LinaThera), Dr Leila Jaafar-Thiel (Nuclidium, LinaThera), Hubert Aiwanger (Bavarian Minister of Economic Affairs), Viktor Naumann (Medical Valley Forchheim)<\/figcaption><\/figure>","protected":false},"excerpt":{"rendered":"<p>Forchheim, 20. Juni 2024 Anl\u00e4sslich des Besuchs von Wirtschaftsminister Aiwanger und Umweltminister Glauber verk\u00fcndeten Gerhard Bauer, B\u00fcrgermeister der Gemeinde Hallerndorf, und Christoph Thiel, Gesch\u00e4ftsf\u00fchrer der LinaThera GmbH, gute Nachrichten: \u201eWir haben einen gro\u00dfen Meilenstein erreicht und freuen uns, dass wir in Hallerndorf und im Medical Valley des Landkreis Forchheim willkommen gehei\u00dfen wurden!\u201c, betont Christoph Thiel. [&hellip;]<\/p>\n","protected":false},"author":1,"featured_media":0,"comment_status":"open","ping_status":"open","sticky":false,"template":"","format":"standard","meta":{"footnotes":""},"categories":[1],"tags":[],"class_list":["post-1381","post","type-post","status-publish","format-standard","hentry","category-uncategorized"],"aioseo_notices":[],"aioseo_head":"\n\t\t<!-- All in One SEO Pro 4.9.5.2 - aioseo.com -->\n\t<meta name=\"description\" content=\"Forchheim, 20. Juni 2024 Anl\u00e4sslich des Besuchs von Wirtschaftsminister Aiwanger und Umweltminister Glauber verk\u00fcndeten Gerhard Bauer, B\u00fcrgermeister der Gemeinde Hallerndorf, und Christoph Thiel, Gesch\u00e4ftsf\u00fchrer der LinaThera GmbH, gute Nachrichten: \u201eWir haben einen gro\u00dfen Meilenstein erreicht und freuen uns, dass wir in Hallerndorf und im Medical Valley des Landkreis Forchheim willkommen gehei\u00dfen wurden!\u201c, betont Christoph Thiel.Beim\" \/>\n\t<meta name=\"robots\" content=\"max-image-preview:large\" \/>\n\t<meta name=\"author\" content=\"admin\"\/>\n\t<link rel=\"canonical\" href=\"https:\/\/medical-valley-forchheim.de\/en\/anlaesslich-ministerbesuch-linathera-sichert-grundstueck-fuer-produktionsstandort-in-hallerndorf-wichtiger-meilenstein-fuer-linathera-und-medical-valley-forchheim\/\" \/>\n\t<meta name=\"generator\" content=\"All in One SEO Pro (AIOSEO) 4.9.5.2\" \/>\n\t\t<meta property=\"og:locale\" content=\"en_GB\" \/>\n\t\t<meta property=\"og:site_name\" content=\"Medical Valley Forchheim GmbH -\" \/>\n\t\t<meta property=\"og:type\" content=\"article\" \/>\n\t\t<meta property=\"og:title\" content=\"Anl\u00e4sslich Ministerbesuch: LinaThera sichert Grundst\u00fcck f\u00fcr Produktionsstandort in Hallerndorf, wichtiger Meilenstein f\u00fcr LinaThera und Medical Valley Forchheim - Medical Valley Forchheim GmbH\" \/>\n\t\t<meta property=\"og:description\" content=\"Forchheim, 20. Juni 2024 Anl\u00e4sslich des Besuchs von Wirtschaftsminister Aiwanger und Umweltminister Glauber verk\u00fcndeten Gerhard Bauer, B\u00fcrgermeister der Gemeinde Hallerndorf, und Christoph Thiel, Gesch\u00e4ftsf\u00fchrer der LinaThera GmbH, gute Nachrichten: \u201eWir haben einen gro\u00dfen Meilenstein erreicht und freuen uns, dass wir in Hallerndorf und im Medical Valley des Landkreis Forchheim willkommen gehei\u00dfen wurden!\u201c, betont Christoph Thiel.Beim\" \/>\n\t\t<meta property=\"og:url\" content=\"https:\/\/medical-valley-forchheim.de\/en\/anlaesslich-ministerbesuch-linathera-sichert-grundstueck-fuer-produktionsstandort-in-hallerndorf-wichtiger-meilenstein-fuer-linathera-und-medical-valley-forchheim\/\" \/>\n\t\t<meta property=\"og:image\" content=\"https:\/\/medical-valley-forchheim.de\/wp-content\/uploads\/2024\/06\/Foto.png\" \/>\n\t\t<meta property=\"og:image:secure_url\" content=\"https:\/\/medical-valley-forchheim.de\/wp-content\/uploads\/2024\/06\/Foto.png\" \/>\n\t\t<meta property=\"og:image:width\" content=\"1509\" \/>\n\t\t<meta property=\"og:image:height\" content=\"1132\" \/>\n\t\t<meta property=\"article:published_time\" content=\"2024-06-21T12:38:32+00:00\" \/>\n\t\t<meta property=\"article:modified_time\" content=\"2024-06-21T12:41:34+00:00\" \/>\n\t\t<meta name=\"twitter:card\" content=\"summary_large_image\" \/>\n\t\t<meta name=\"twitter:title\" content=\"Anl\u00e4sslich Ministerbesuch: LinaThera sichert Grundst\u00fcck f\u00fcr Produktionsstandort in Hallerndorf, wichtiger Meilenstein f\u00fcr LinaThera und Medical Valley Forchheim - Medical Valley Forchheim GmbH\" \/>\n\t\t<meta name=\"twitter:description\" content=\"Forchheim, 20. Juni 2024 Anl\u00e4sslich des Besuchs von Wirtschaftsminister Aiwanger und Umweltminister Glauber verk\u00fcndeten Gerhard Bauer, B\u00fcrgermeister der Gemeinde Hallerndorf, und Christoph Thiel, Gesch\u00e4ftsf\u00fchrer der LinaThera GmbH, gute Nachrichten: \u201eWir haben einen gro\u00dfen Meilenstein erreicht und freuen uns, dass wir in Hallerndorf und im Medical Valley des Landkreis Forchheim willkommen gehei\u00dfen wurden!\u201c, betont Christoph Thiel.Beim\" \/>\n\t\t<meta name=\"twitter:image\" content=\"https:\/\/medical-valley-forchheim.de\/wp-content\/uploads\/2024\/06\/Foto.png\" \/>\n\t\t<script type=\"application\/ld+json\" class=\"aioseo-schema\">\n\t\t\t{\"@context\":\"https:\\\/\\\/schema.org\",\"@graph\":[{\"@type\":\"BlogPosting\",\"@id\":\"https:\\\/\\\/medical-valley-forchheim.de\\\/en\\\/anlaesslich-ministerbesuch-linathera-sichert-grundstueck-fuer-produktionsstandort-in-hallerndorf-wichtiger-meilenstein-fuer-linathera-und-medical-valley-forchheim\\\/#blogposting\",\"name\":\"Anl\\u00e4sslich Ministerbesuch: LinaThera sichert Grundst\\u00fcck f\\u00fcr Produktionsstandort in Hallerndorf, wichtiger Meilenstein f\\u00fcr LinaThera und Medical Valley Forchheim - Medical Valley Forchheim GmbH\",\"headline\":\"Anl\\u00e4sslich Ministerbesuch: LinaThera sichert Grundst\\u00fcck f\\u00fcr Produktionsstandort in Hallerndorf, wichtiger Meilenstein f\\u00fcr LinaThera und Medical Valley Forchheim\",\"author\":{\"@id\":\"https:\\\/\\\/medical-valley-forchheim.de\\\/en\\\/author\\\/fomedia\\\/#author\"},\"publisher\":{\"@id\":\"https:\\\/\\\/medical-valley-forchheim.de\\\/en\\\/#organization\"},\"image\":{\"@type\":\"ImageObject\",\"url\":\"https:\\\/\\\/medical-valley-forchheim.de\\\/wp-content\\\/uploads\\\/2024\\\/06\\\/Foto.png\",\"@id\":\"https:\\\/\\\/medical-valley-forchheim.de\\\/en\\\/anlaesslich-ministerbesuch-linathera-sichert-grundstueck-fuer-produktionsstandort-in-hallerndorf-wichtiger-meilenstein-fuer-linathera-und-medical-valley-forchheim\\\/#articleImage\",\"width\":1509,\"height\":1132},\"datePublished\":\"2024-06-21T14:38:32+02:00\",\"dateModified\":\"2024-06-21T14:41:34+02:00\",\"inLanguage\":\"en-GB\",\"mainEntityOfPage\":{\"@id\":\"https:\\\/\\\/medical-valley-forchheim.de\\\/en\\\/anlaesslich-ministerbesuch-linathera-sichert-grundstueck-fuer-produktionsstandort-in-hallerndorf-wichtiger-meilenstein-fuer-linathera-und-medical-valley-forchheim\\\/#webpage\"},\"isPartOf\":{\"@id\":\"https:\\\/\\\/medical-valley-forchheim.de\\\/en\\\/anlaesslich-ministerbesuch-linathera-sichert-grundstueck-fuer-produktionsstandort-in-hallerndorf-wichtiger-meilenstein-fuer-linathera-und-medical-valley-forchheim\\\/#webpage\"},\"articleSection\":\"Uncategorized\"},{\"@type\":\"BreadcrumbList\",\"@id\":\"https:\\\/\\\/medical-valley-forchheim.de\\\/en\\\/anlaesslich-ministerbesuch-linathera-sichert-grundstueck-fuer-produktionsstandort-in-hallerndorf-wichtiger-meilenstein-fuer-linathera-und-medical-valley-forchheim\\\/#breadcrumblist\",\"itemListElement\":[{\"@type\":\"ListItem\",\"@id\":\"https:\\\/\\\/medical-valley-forchheim.de\\\/en#listItem\",\"position\":1,\"name\":\"Home\",\"item\":\"https:\\\/\\\/medical-valley-forchheim.de\\\/en\",\"nextItem\":{\"@type\":\"ListItem\",\"@id\":\"https:\\\/\\\/medical-valley-forchheim.de\\\/en\\\/category\\\/uncategorized\\\/#listItem\",\"name\":\"Uncategorized\"}},{\"@type\":\"ListItem\",\"@id\":\"https:\\\/\\\/medical-valley-forchheim.de\\\/en\\\/category\\\/uncategorized\\\/#listItem\",\"position\":2,\"name\":\"Uncategorized\",\"item\":\"https:\\\/\\\/medical-valley-forchheim.de\\\/en\\\/category\\\/uncategorized\\\/\",\"nextItem\":{\"@type\":\"ListItem\",\"@id\":\"https:\\\/\\\/medical-valley-forchheim.de\\\/en\\\/anlaesslich-ministerbesuch-linathera-sichert-grundstueck-fuer-produktionsstandort-in-hallerndorf-wichtiger-meilenstein-fuer-linathera-und-medical-valley-forchheim\\\/#listItem\",\"name\":\"Anl\\u00e4sslich Ministerbesuch: LinaThera sichert Grundst\\u00fcck f\\u00fcr Produktionsstandort in Hallerndorf, wichtiger Meilenstein f\\u00fcr LinaThera und Medical Valley Forchheim\"},\"previousItem\":{\"@type\":\"ListItem\",\"@id\":\"https:\\\/\\\/medical-valley-forchheim.de\\\/en#listItem\",\"name\":\"Home\"}},{\"@type\":\"ListItem\",\"@id\":\"https:\\\/\\\/medical-valley-forchheim.de\\\/en\\\/anlaesslich-ministerbesuch-linathera-sichert-grundstueck-fuer-produktionsstandort-in-hallerndorf-wichtiger-meilenstein-fuer-linathera-und-medical-valley-forchheim\\\/#listItem\",\"position\":3,\"name\":\"Anl\\u00e4sslich Ministerbesuch: LinaThera sichert Grundst\\u00fcck f\\u00fcr Produktionsstandort in Hallerndorf, wichtiger Meilenstein f\\u00fcr LinaThera und Medical Valley Forchheim\",\"previousItem\":{\"@type\":\"ListItem\",\"@id\":\"https:\\\/\\\/medical-valley-forchheim.de\\\/en\\\/category\\\/uncategorized\\\/#listItem\",\"name\":\"Uncategorized\"}}]},{\"@type\":\"Organization\",\"@id\":\"https:\\\/\\\/medical-valley-forchheim.de\\\/en\\\/#organization\",\"name\":\"Medical Valley Center Forchheim\",\"url\":\"https:\\\/\\\/medical-valley-forchheim.de\\\/en\\\/\",\"telephone\":\"+4991919504010\",\"logo\":{\"@type\":\"ImageObject\",\"url\":\"https:\\\/\\\/medical-valley-forchheim.de\\\/wp-content\\\/uploads\\\/2023\\\/08\\\/medical-valley-logo.jpg\",\"@id\":\"https:\\\/\\\/medical-valley-forchheim.de\\\/en\\\/anlaesslich-ministerbesuch-linathera-sichert-grundstueck-fuer-produktionsstandort-in-hallerndorf-wichtiger-meilenstein-fuer-linathera-und-medical-valley-forchheim\\\/#organizationLogo\"},\"image\":{\"@id\":\"https:\\\/\\\/medical-valley-forchheim.de\\\/en\\\/anlaesslich-ministerbesuch-linathera-sichert-grundstueck-fuer-produktionsstandort-in-hallerndorf-wichtiger-meilenstein-fuer-linathera-und-medical-valley-forchheim\\\/#organizationLogo\"}},{\"@type\":\"Person\",\"@id\":\"https:\\\/\\\/medical-valley-forchheim.de\\\/en\\\/author\\\/fomedia\\\/#author\",\"url\":\"https:\\\/\\\/medical-valley-forchheim.de\\\/en\\\/author\\\/fomedia\\\/\",\"name\":\"admin\"},{\"@type\":\"WebPage\",\"@id\":\"https:\\\/\\\/medical-valley-forchheim.de\\\/en\\\/anlaesslich-ministerbesuch-linathera-sichert-grundstueck-fuer-produktionsstandort-in-hallerndorf-wichtiger-meilenstein-fuer-linathera-und-medical-valley-forchheim\\\/#webpage\",\"url\":\"https:\\\/\\\/medical-valley-forchheim.de\\\/en\\\/anlaesslich-ministerbesuch-linathera-sichert-grundstueck-fuer-produktionsstandort-in-hallerndorf-wichtiger-meilenstein-fuer-linathera-und-medical-valley-forchheim\\\/\",\"name\":\"Anl\\u00e4sslich Ministerbesuch: LinaThera sichert Grundst\\u00fcck f\\u00fcr Produktionsstandort in Hallerndorf, wichtiger Meilenstein f\\u00fcr LinaThera und Medical Valley Forchheim - Medical Valley Forchheim GmbH\",\"description\":\"Forchheim, 20. Juni 2024 Anl\\u00e4sslich des Besuchs von Wirtschaftsminister Aiwanger und Umweltminister Glauber verk\\u00fcndeten Gerhard Bauer, B\\u00fcrgermeister der Gemeinde Hallerndorf, und Christoph Thiel, Gesch\\u00e4ftsf\\u00fchrer der LinaThera GmbH, gute Nachrichten: \\u201eWir haben einen gro\\u00dfen Meilenstein erreicht und freuen uns, dass wir in Hallerndorf und im Medical Valley des Landkreis Forchheim willkommen gehei\\u00dfen wurden!\\u201c, betont Christoph Thiel.Beim\",\"inLanguage\":\"en-GB\",\"isPartOf\":{\"@id\":\"https:\\\/\\\/medical-valley-forchheim.de\\\/en\\\/#website\"},\"breadcrumb\":{\"@id\":\"https:\\\/\\\/medical-valley-forchheim.de\\\/en\\\/anlaesslich-ministerbesuch-linathera-sichert-grundstueck-fuer-produktionsstandort-in-hallerndorf-wichtiger-meilenstein-fuer-linathera-und-medical-valley-forchheim\\\/#breadcrumblist\"},\"author\":{\"@id\":\"https:\\\/\\\/medical-valley-forchheim.de\\\/en\\\/author\\\/fomedia\\\/#author\"},\"creator\":{\"@id\":\"https:\\\/\\\/medical-valley-forchheim.de\\\/en\\\/author\\\/fomedia\\\/#author\"},\"datePublished\":\"2024-06-21T14:38:32+02:00\",\"dateModified\":\"2024-06-21T14:41:34+02:00\"},{\"@type\":\"WebSite\",\"@id\":\"https:\\\/\\\/medical-valley-forchheim.de\\\/en\\\/#website\",\"url\":\"https:\\\/\\\/medical-valley-forchheim.de\\\/en\\\/\",\"name\":\"Medical Valley Center Forchheim\",\"inLanguage\":\"en-GB\",\"publisher\":{\"@id\":\"https:\\\/\\\/medical-valley-forchheim.de\\\/en\\\/#organization\"}}]}\n\t\t<\/script>\n\t\t<!-- All in One SEO Pro -->\r\n\t\t<title>Anl\u00e4sslich Ministerbesuch: LinaThera sichert Grundst\u00fcck f\u00fcr Produktionsstandort in Hallerndorf, wichtiger Meilenstein f\u00fcr LinaThera und Medical Valley Forchheim - Medical Valley Forchheim GmbH<\/title>\n\n","aioseo_head_json":{"title":"On the occasion of ministerial visit: LinaThera secures land for production site in Hallerndorf, important milestone for LinaThera and Medical Valley Forchheim - Medical Valley Forchheim GmbH","description":"Forchheim, 20 June 2024 On the occasion of the visit by Economics Minister Aiwanger and Environment Minister Glauber, Gerhard Bauer, Mayor of Hallerndorf, and Christoph Thiel, Managing Director of LinaThera GmbH, announced good news: \"We have reached a major milestone and are delighted to have been welcomed to Hallerndorf and the Medical Valley in the district of Forchheim,\" emphasised Christoph Thiel.","canonical_url":"https:\/\/medical-valley-forchheim.de\/en\/anlaesslich-ministerbesuch-linathera-sichert-grundstueck-fuer-produktionsstandort-in-hallerndorf-wichtiger-meilenstein-fuer-linathera-und-medical-valley-forchheim\/","robots":"max-image-preview:large","keywords":"","webmasterTools":{"miscellaneous":""},"schema":{"@context":"https:\/\/schema.org","@graph":[{"@type":"BlogPosting","@id":"https:\/\/medical-valley-forchheim.de\/en\/anlaesslich-ministerbesuch-linathera-sichert-grundstueck-fuer-produktionsstandort-in-hallerndorf-wichtiger-meilenstein-fuer-linathera-und-medical-valley-forchheim\/#blogposting","name":"Anl\u00e4sslich Ministerbesuch: LinaThera sichert Grundst\u00fcck f\u00fcr Produktionsstandort in Hallerndorf, wichtiger Meilenstein f\u00fcr LinaThera und Medical Valley Forchheim - Medical Valley Forchheim GmbH","headline":"Anl\u00e4sslich Ministerbesuch: LinaThera sichert Grundst\u00fcck f\u00fcr Produktionsstandort in Hallerndorf, wichtiger Meilenstein f\u00fcr LinaThera und Medical Valley Forchheim","author":{"@id":"https:\/\/medical-valley-forchheim.de\/en\/author\/fomedia\/#author"},"publisher":{"@id":"https:\/\/medical-valley-forchheim.de\/en\/#organization"},"image":{"@type":"ImageObject","url":"https:\/\/medical-valley-forchheim.de\/wp-content\/uploads\/2024\/06\/Foto.png","@id":"https:\/\/medical-valley-forchheim.de\/en\/anlaesslich-ministerbesuch-linathera-sichert-grundstueck-fuer-produktionsstandort-in-hallerndorf-wichtiger-meilenstein-fuer-linathera-und-medical-valley-forchheim\/#articleImage","width":1509,"height":1132},"datePublished":"2024-06-21T14:38:32+02:00","dateModified":"2024-06-21T14:41:34+02:00","inLanguage":"en-GB","mainEntityOfPage":{"@id":"https:\/\/medical-valley-forchheim.de\/en\/anlaesslich-ministerbesuch-linathera-sichert-grundstueck-fuer-produktionsstandort-in-hallerndorf-wichtiger-meilenstein-fuer-linathera-und-medical-valley-forchheim\/#webpage"},"isPartOf":{"@id":"https:\/\/medical-valley-forchheim.de\/en\/anlaesslich-ministerbesuch-linathera-sichert-grundstueck-fuer-produktionsstandort-in-hallerndorf-wichtiger-meilenstein-fuer-linathera-und-medical-valley-forchheim\/#webpage"},"articleSection":"Uncategorized"},{"@type":"BreadcrumbList","@id":"https:\/\/medical-valley-forchheim.de\/en\/anlaesslich-ministerbesuch-linathera-sichert-grundstueck-fuer-produktionsstandort-in-hallerndorf-wichtiger-meilenstein-fuer-linathera-und-medical-valley-forchheim\/#breadcrumblist","itemListElement":[{"@type":"ListItem","@id":"https:\/\/medical-valley-forchheim.de\/en#listItem","position":1,"name":"Home","item":"https:\/\/medical-valley-forchheim.de\/en","nextItem":{"@type":"ListItem","@id":"https:\/\/medical-valley-forchheim.de\/en\/category\/uncategorized\/#listItem","name":"Uncategorized"}},{"@type":"ListItem","@id":"https:\/\/medical-valley-forchheim.de\/en\/category\/uncategorized\/#listItem","position":2,"name":"Uncategorized","item":"https:\/\/medical-valley-forchheim.de\/en\/category\/uncategorized\/","nextItem":{"@type":"ListItem","@id":"https:\/\/medical-valley-forchheim.de\/en\/anlaesslich-ministerbesuch-linathera-sichert-grundstueck-fuer-produktionsstandort-in-hallerndorf-wichtiger-meilenstein-fuer-linathera-und-medical-valley-forchheim\/#listItem","name":"Anl\u00e4sslich Ministerbesuch: LinaThera sichert Grundst\u00fcck f\u00fcr Produktionsstandort in Hallerndorf, wichtiger Meilenstein f\u00fcr LinaThera und Medical Valley Forchheim"},"previousItem":{"@type":"ListItem","@id":"https:\/\/medical-valley-forchheim.de\/en#listItem","name":"Home"}},{"@type":"ListItem","@id":"https:\/\/medical-valley-forchheim.de\/en\/anlaesslich-ministerbesuch-linathera-sichert-grundstueck-fuer-produktionsstandort-in-hallerndorf-wichtiger-meilenstein-fuer-linathera-und-medical-valley-forchheim\/#listItem","position":3,"name":"Anl\u00e4sslich Ministerbesuch: LinaThera sichert Grundst\u00fcck f\u00fcr Produktionsstandort in Hallerndorf, wichtiger Meilenstein f\u00fcr LinaThera und Medical Valley Forchheim","previousItem":{"@type":"ListItem","@id":"https:\/\/medical-valley-forchheim.de\/en\/category\/uncategorized\/#listItem","name":"Uncategorized"}}]},{"@type":"Organization","@id":"https:\/\/medical-valley-forchheim.de\/en\/#organization","name":"Medical Valley Center Forchheim","url":"https:\/\/medical-valley-forchheim.de\/en\/","telephone":"+4991919504010","logo":{"@type":"ImageObject","url":"https:\/\/medical-valley-forchheim.de\/wp-content\/uploads\/2023\/08\/medical-valley-logo.jpg","@id":"https:\/\/medical-valley-forchheim.de\/en\/anlaesslich-ministerbesuch-linathera-sichert-grundstueck-fuer-produktionsstandort-in-hallerndorf-wichtiger-meilenstein-fuer-linathera-und-medical-valley-forchheim\/#organizationLogo"},"image":{"@id":"https:\/\/medical-valley-forchheim.de\/en\/anlaesslich-ministerbesuch-linathera-sichert-grundstueck-fuer-produktionsstandort-in-hallerndorf-wichtiger-meilenstein-fuer-linathera-und-medical-valley-forchheim\/#organizationLogo"}},{"@type":"Person","@id":"https:\/\/medical-valley-forchheim.de\/en\/author\/fomedia\/#author","url":"https:\/\/medical-valley-forchheim.de\/en\/author\/fomedia\/","name":"admin"},{"@type":"WebPage","@id":"https:\/\/medical-valley-forchheim.de\/en\/anlaesslich-ministerbesuch-linathera-sichert-grundstueck-fuer-produktionsstandort-in-hallerndorf-wichtiger-meilenstein-fuer-linathera-und-medical-valley-forchheim\/#webpage","url":"https:\/\/medical-valley-forchheim.de\/en\/anlaesslich-ministerbesuch-linathera-sichert-grundstueck-fuer-produktionsstandort-in-hallerndorf-wichtiger-meilenstein-fuer-linathera-und-medical-valley-forchheim\/","name":"Anl\u00e4sslich Ministerbesuch: LinaThera sichert Grundst\u00fcck f\u00fcr Produktionsstandort in Hallerndorf, wichtiger Meilenstein f\u00fcr LinaThera und Medical Valley Forchheim - Medical Valley Forchheim GmbH","description":"Forchheim, 20. Juni 2024 Anl\u00e4sslich des Besuchs von Wirtschaftsminister Aiwanger und Umweltminister Glauber verk\u00fcndeten Gerhard Bauer, B\u00fcrgermeister der Gemeinde Hallerndorf, und Christoph Thiel, Gesch\u00e4ftsf\u00fchrer der LinaThera GmbH, gute Nachrichten: \u201eWir haben einen gro\u00dfen Meilenstein erreicht und freuen uns, dass wir in Hallerndorf und im Medical Valley des Landkreis Forchheim willkommen gehei\u00dfen wurden!\u201c, betont Christoph Thiel.Beim","inLanguage":"en-GB","isPartOf":{"@id":"https:\/\/medical-valley-forchheim.de\/en\/#website"},"breadcrumb":{"@id":"https:\/\/medical-valley-forchheim.de\/en\/anlaesslich-ministerbesuch-linathera-sichert-grundstueck-fuer-produktionsstandort-in-hallerndorf-wichtiger-meilenstein-fuer-linathera-und-medical-valley-forchheim\/#breadcrumblist"},"author":{"@id":"https:\/\/medical-valley-forchheim.de\/en\/author\/fomedia\/#author"},"creator":{"@id":"https:\/\/medical-valley-forchheim.de\/en\/author\/fomedia\/#author"},"datePublished":"2024-06-21T14:38:32+02:00","dateModified":"2024-06-21T14:41:34+02:00"},{"@type":"WebSite","@id":"https:\/\/medical-valley-forchheim.de\/en\/#website","url":"https:\/\/medical-valley-forchheim.de\/en\/","name":"Medical Valley Center Forchheim","inLanguage":"en-GB","publisher":{"@id":"https:\/\/medical-valley-forchheim.de\/en\/#organization"}}]},"og:locale":"en_GB","og:site_name":"Medical Valley Forchheim GmbH -","og:type":"article","og:title":"Anl\u00e4sslich Ministerbesuch: LinaThera sichert Grundst\u00fcck f\u00fcr Produktionsstandort in Hallerndorf, wichtiger Meilenstein f\u00fcr LinaThera und Medical Valley Forchheim - Medical Valley Forchheim GmbH","og:description":"Forchheim, 20. Juni 2024 Anl\u00e4sslich des Besuchs von Wirtschaftsminister Aiwanger und Umweltminister Glauber verk\u00fcndeten Gerhard Bauer, B\u00fcrgermeister der Gemeinde Hallerndorf, und Christoph Thiel, Gesch\u00e4ftsf\u00fchrer der LinaThera GmbH, gute Nachrichten: \u201eWir haben einen gro\u00dfen Meilenstein erreicht und freuen uns, dass wir in Hallerndorf und im Medical Valley des Landkreis Forchheim willkommen gehei\u00dfen wurden!\u201c, betont Christoph Thiel.Beim","og:url":"https:\/\/medical-valley-forchheim.de\/en\/anlaesslich-ministerbesuch-linathera-sichert-grundstueck-fuer-produktionsstandort-in-hallerndorf-wichtiger-meilenstein-fuer-linathera-und-medical-valley-forchheim\/","og:image":"https:\/\/medical-valley-forchheim.de\/wp-content\/uploads\/2024\/06\/Foto.png","og:image:secure_url":"https:\/\/medical-valley-forchheim.de\/wp-content\/uploads\/2024\/06\/Foto.png","og:image:width":1509,"og:image:height":1132,"article:published_time":"2024-06-21T12:38:32+00:00","article:modified_time":"2024-06-21T12:41:34+00:00","twitter:card":"summary_large_image","twitter:title":"Anl\u00e4sslich Ministerbesuch: LinaThera sichert Grundst\u00fcck f\u00fcr Produktionsstandort in Hallerndorf, wichtiger Meilenstein f\u00fcr LinaThera und Medical Valley Forchheim - Medical Valley Forchheim GmbH","twitter:description":"Forchheim, 20. Juni 2024 Anl\u00e4sslich des Besuchs von Wirtschaftsminister Aiwanger und Umweltminister Glauber verk\u00fcndeten Gerhard Bauer, B\u00fcrgermeister der Gemeinde Hallerndorf, und Christoph Thiel, Gesch\u00e4ftsf\u00fchrer der LinaThera GmbH, gute Nachrichten: \u201eWir haben einen gro\u00dfen Meilenstein erreicht und freuen uns, dass wir in Hallerndorf und im Medical Valley des Landkreis Forchheim willkommen gehei\u00dfen wurden!\u201c, betont Christoph Thiel.Beim","twitter:image":"https:\/\/medical-valley-forchheim.de\/wp-content\/uploads\/2024\/06\/Foto.png"},"aioseo_meta_data":{"post_id":"1381","title":null,"description":null,"keywords":null,"keyphrases":{"focus":{"keyphrase":"","score":0,"analysis":{"keyphraseInTitle":{"score":0,"maxScore":9,"error":1}}},"additional":[]},"primary_term":null,"canonical_url":null,"og_title":null,"og_description":null,"og_object_type":"default","og_image_type":"default","og_image_url":null,"og_image_width":null,"og_image_height":null,"og_image_custom_url":null,"og_image_custom_fields":null,"og_video":"","og_custom_url":null,"og_article_section":null,"og_article_tags":null,"twitter_use_og":false,"twitter_card":"default","twitter_image_type":"default","twitter_image_url":null,"twitter_image_custom_url":null,"twitter_image_custom_fields":null,"twitter_title":null,"twitter_description":null,"schema":{"blockGraphs":[],"customGraphs":[],"default":{"data":{"Article":[],"Course":[],"Dataset":[],"FAQPage":[],"Movie":[],"Person":[],"Product":[],"ProductReview":[],"Car":[],"Recipe":[],"Service":[],"SoftwareApplication":[],"WebPage":[]},"graphName":"BlogPosting","isEnabled":true},"graphs":[]},"schema_type":"default","schema_type_options":null,"pillar_content":false,"robots_default":true,"robots_noindex":false,"robots_noarchive":false,"robots_nosnippet":false,"robots_nofollow":false,"robots_noimageindex":false,"robots_noodp":false,"robots_notranslate":false,"robots_max_snippet":"-1","robots_max_videopreview":"-1","robots_max_imagepreview":"large","priority":null,"frequency":"default","local_seo":null,"seo_analyzer_scan_date":"2025-08-21 08:02:53","breadcrumb_settings":null,"limit_modified_date":false,"open_ai":"{\"title\":{\"suggestions\":[],\"usage\":0},\"description\":{\"suggestions\":[],\"usage\":0}}","ai":null,"created":"2024-06-21 12:33:48","updated":"2025-10-23 01:02:26"},"_links":{"self":[{"href":"https:\/\/medical-valley-forchheim.de\/en\/wp-json\/wp\/v2\/posts\/1381","targetHints":{"allow":["GET"]}}],"collection":[{"href":"https:\/\/medical-valley-forchheim.de\/en\/wp-json\/wp\/v2\/posts"}],"about":[{"href":"https:\/\/medical-valley-forchheim.de\/en\/wp-json\/wp\/v2\/types\/post"}],"author":[{"embeddable":true,"href":"https:\/\/medical-valley-forchheim.de\/en\/wp-json\/wp\/v2\/users\/1"}],"replies":[{"embeddable":true,"href":"https:\/\/medical-valley-forchheim.de\/en\/wp-json\/wp\/v2\/comments?post=1381"}],"version-history":[{"count":0,"href":"https:\/\/medical-valley-forchheim.de\/en\/wp-json\/wp\/v2\/posts\/1381\/revisions"}],"wp:attachment":[{"href":"https:\/\/medical-valley-forchheim.de\/en\/wp-json\/wp\/v2\/media?parent=1381"}],"wp:term":[{"taxonomy":"category","embeddable":true,"href":"https:\/\/medical-valley-forchheim.de\/en\/wp-json\/wp\/v2\/categories?post=1381"},{"taxonomy":"post_tag","embeddable":true,"href":"https:\/\/medical-valley-forchheim.de\/en\/wp-json\/wp\/v2\/tags?post=1381"}],"curies":[{"name":"wp","href":"https:\/\/api.w.org\/{rel}","templated":true}]}}